{"id":811,"date":"2018-08-19T08:18:39","date_gmt":"2018-08-19T06:18:39","guid":{"rendered":"http:\/\/alholmen.nu\/wp\/?p=811"},"modified":"2018-08-19T08:18:39","modified_gmt":"2018-08-19T06:18:39","slug":"extra-mini-slatter-torsdag-23-augusti","status":"publish","type":"post","link":"https:\/\/alholmen.nu\/wp\/extra-mini-slatter-torsdag-23-augusti\/","title":{"rendered":"Extra \u201dmini-sl\u00e5tter\u201d torsdag 23 augusti"},"content":{"rendered":"<p><img data-attachment-id=\"553\" data-permalink=\"https:\/\/alholmen.nu\/wp\/slatter-den-25-augusti\/img_0584\/\" data-orig-file=\"https:\/\/i2.wp.com\/alholmen.nu\/wp\/http:\/\/alholmen.nu\/wp\/http:\/\/alholmen.nu\/wp\/wp-content\/uploads\/2017\/09\/IMG_0584.jpg?fit=1536%2C2048&amp;ssl=1\" data-orig-size=\"1536,2048\" data-comments-opened=\"0\" data-image-meta=\"{&quot;aperture&quot;:&quot;2.2&quot;,&quot;credit&quot;:&quot;&quot;,&quot;camera&quot;:&quot;iPhone 6s&quot;,&quot;caption&quot;:&quot;&quot;,&quot;created_timestamp&quot;:&quot;1505561386&quot;,&quot;copyright&quot;:&quot;&quot;,&quot;focal_length&quot;:&quot;4.15&quot;,&quot;iso&quot;:&quot;25&quot;,&quot;shutter_speed&quot;:&quot;0.0026041666666667&quot;,&quot;title&quot;:&quot;&quot;,&quot;orientation&quot;:&quot;0&quot;}\" data-image-title=\"IMG_0584\" data-image-description=\"\" data-medium-file=\"https:\/\/i2.wp.com\/alholmen.nu\/wp\/http:\/\/alholmen.nu\/wp\/http:\/\/alholmen.nu\/wp\/wp-content\/uploads\/2017\/09\/IMG_0584.jpg?fit=225%2C300&amp;ssl=1\" data-large-file=\"https:\/\/i2.wp.com\/alholmen.nu\/wp\/http:\/\/alholmen.nu\/wp\/http:\/\/alholmen.nu\/wp\/wp-content\/uploads\/2017\/09\/IMG_0584.jpg?fit=750%2C1000&amp;ssl=1\" decoding=\"async\" loading=\"lazy\" class=\"alignnone size-medium wp-image-553 aligncenter\" src=\"https:\/\/i2.wp.com\/alholmen.nu\/wp\/http:\/\/alholmen.nu\/wp\/http:\/\/alholmen.nu\/wp\/wp-content\/uploads\/2017\/09\/IMG_0584.jpg?resize=225%2C300\" alt=\"\" width=\"225\" height=\"300\" srcset=\"https:\/\/i2.wp.com\/alholmen.nu\/wp\/http:\/\/alholmen.nu\/wp\/http:\/\/alholmen.nu\/wp\/wp-content\/uploads\/2017\/09\/IMG_0584.jpg?resize=225%2C300&amp;ssl=1 225w, https:\/\/i2.wp.com\/alholmen.nu\/wp\/http:\/\/alholmen.nu\/wp\/http:\/\/alholmen.nu\/wp\/wp-content\/uploads\/2017\/09\/IMG_0584.jpg?resize=768%2C1024&amp;ssl=1 768w, https:\/\/i2.wp.com\/alholmen.nu\/wp\/http:\/\/alholmen.nu\/wp\/http:\/\/alholmen.nu\/wp\/wp-content\/uploads\/2017\/09\/IMG_0584.jpg?w=1536&amp;ssl=1 1536w\" sizes=\"(max-width: 225px) 100vw, 225px\" data-recalc-dims=\"1\" \/><\/p>\n<p>Torsdagen den 23 augusti blir det en liten \u201dmini- sl\u00e5tter\u201d efter \u00f6nskem\u00e5l fr\u00e5n medlemmar som g\u00e4rna vill hj\u00e4lpa till med sl\u00e5tter, men som har f\u00f6rhinder n\u00e4r den \u00e4ger rum l\u00f6rdagen den 25 augusti.<\/p>\n<p>De som vill ses kl. 10.00 p\u00e5 Telefon\u00e4ngen, ta med verktyg och g\u00e4rna dryck och mugg. Och ja, man f\u00e5r sj\u00e4lvklart g\u00e4rna delta b\u00e5de torsdag och l\u00f6rdag om man vill!<\/p>\n<p>V\u00e4l m\u00f6tt!<\/p>\n<p>styrelsen<\/p>\n","protected":false},"excerpt":{"rendered":"<p>Torsdagen den 23 augusti blir det en liten \u201dmini- sl\u00e5tter\u201d efter \u00f6nskem\u00e5l fr\u00e5n medlemmar som g\u00e4rna vill hj\u00e4lpa till med sl\u00e5tter, men som har f\u00f6rhinder n\u00e4r den \u00e4ger rum l\u00f6rdagen den 25 augusti. De som vill ses kl. 10.00 p\u00e5 Telefon\u00e4ngen, ta med verktyg och g\u00e4rna dryck och mugg. Och ja, man f\u00e5r sj\u00e4lvklart g\u00e4rna &hellip; <\/p>\n<p><a class=\"more-link btn\" href=\"https:\/\/alholmen.nu\/wp\/extra-mini-slatter-torsdag-23-augusti\/\">Forts\u00e4tt l\u00e4sa &raquo;<\/a><\/p>\n","protected":false},"author":6,"featured_media":0,"comment_status":"closed","ping_status":"closed","sticky":false,"template":"","format":"standard","meta":[],"categories":[7],"tags":[],"jetpack-related-posts":[],"_links":{"self":[{"href":"https:\/\/alholmen.nu\/wp\/wp-json\/wp\/v2\/posts\/811"}],"collection":[{"href":"https:\/\/alholmen.nu\/wp\/wp-json\/wp\/v2\/posts"}],"about":[{"href":"https:\/\/alholmen.nu\/wp\/wp-json\/wp\/v2\/types\/post"}],"author":[{"embeddable":true,"href":"https:\/\/alholmen.nu\/wp\/wp-json\/wp\/v2\/users\/6"}],"replies":[{"embeddable":true,"href":"https:\/\/alholmen.nu\/wp\/wp-json\/wp\/v2\/comments?post=811"}],"version-history":[{"count":1,"href":"https:\/\/alholmen.nu\/wp\/wp-json\/wp\/v2\/posts\/811\/revisions"}],"predecessor-version":[{"id":812,"href":"https:\/\/alholmen.nu\/wp\/wp-json\/wp\/v2\/posts\/811\/revisions\/812"}],"wp:attachment":[{"href":"https:\/\/alholmen.nu\/wp\/wp-json\/wp\/v2\/media?parent=811"}],"wp:term":[{"taxonomy":"category","embeddable":true,"href":"https:\/\/alholmen.nu\/wp\/wp-json\/wp\/v2\/categories?post=811"},{"taxonomy":"post_tag","embeddable":true,"href":"https:\/\/alholmen.nu\/wp\/wp-json\/wp\/v2\/tags?post=811"}],"curies":[{"name":"wp","href":"https:\/\/api.w.org\/{rel}","templated":true}]}}