{"id":1345,"date":"2020-10-02T00:26:19","date_gmt":"2020-10-01T22:26:19","guid":{"rendered":"http:\/\/alholmen.nu\/wp\/?p=1345"},"modified":"2020-10-02T00:26:19","modified_gmt":"2020-10-01T22:26:19","slug":"extra-rojning-10-oktober-klockan-10-00","status":"publish","type":"post","link":"https:\/\/alholmen.nu\/wp\/extra-rojning-10-oktober-klockan-10-00\/","title":{"rendered":"Extra r\u00f6jning 10 oktober klockan 10.00"},"content":{"rendered":"<div><strong>F\u00f6r de som missade den ordinarie r\u00f6jdagen finns det tillf\u00e4lle att r\u00f6ja den 10:e oktober med start kl. 10.00.<\/strong><\/div>\n<div><\/div>\n<div>Vi kommer beh\u00f6va hj\u00e4lp av de som har motors\u00e5gar f\u00f6r att dela tr\u00e4d\/stockar som bl\u00e5ste ner 2018, detta omr\u00e5de \u00e4r l\u00e4ngs stigen p\u00e5 nordv\u00e4stra sidan fr\u00e5n 1:36 &#8211; 1.32. Om det \u00e4r m\u00f6jligt s\u00e5 lastar vi traktork\u00e4rra och k\u00f6r bort till annan plats. Vi r\u00e4knar med att h\u00e5lla p\u00e5 till 15:00 . Blir vi v\u00e4ldigt m\u00e5nga deltagare s\u00e5 k\u00f6r vi en punktinsats \u00e4ven p\u00e5 ett annat omr\u00e5de som beh\u00f6ver omv\u00e5rdnad.<\/div>\n<div><img data-attachment-id=\"483\" data-permalink=\"https:\/\/alholmen.nu\/wp\/sommarrojning\/img_0436\/\" data-orig-file=\"https:\/\/i1.wp.com\/alholmen.nu\/wp\/http:\/\/alholmen.nu\/wp\/http:\/\/alholmen.nu\/wp\/wp-content\/uploads\/2017\/07\/IMG_0436.jpg?fit=1170%2C418&amp;ssl=1\" data-orig-size=\"1170,418\" data-comments-opened=\"0\" data-image-meta=\"{&quot;aperture&quot;:&quot;0&quot;,&quot;credit&quot;:&quot;&quot;,&quot;camera&quot;:&quot;&quot;,&quot;caption&quot;:&quot;&quot;,&quot;created_timestamp&quot;:&quot;0&quot;,&quot;copyright&quot;:&quot;&quot;,&quot;focal_length&quot;:&quot;0&quot;,&quot;iso&quot;:&quot;0&quot;,&quot;shutter_speed&quot;:&quot;0&quot;,&quot;title&quot;:&quot;&quot;,&quot;orientation&quot;:&quot;0&quot;}\" data-image-title=\"IMG_0436\" data-image-description=\"\" data-medium-file=\"https:\/\/i1.wp.com\/alholmen.nu\/wp\/http:\/\/alholmen.nu\/wp\/http:\/\/alholmen.nu\/wp\/wp-content\/uploads\/2017\/07\/IMG_0436.jpg?fit=300%2C107&amp;ssl=1\" data-large-file=\"https:\/\/i1.wp.com\/alholmen.nu\/wp\/http:\/\/alholmen.nu\/wp\/http:\/\/alholmen.nu\/wp\/wp-content\/uploads\/2017\/07\/IMG_0436.jpg?fit=750%2C268&amp;ssl=1\" decoding=\"async\" loading=\"lazy\" class=\"size-medium wp-image-483 alignleft\" src=\"https:\/\/i1.wp.com\/alholmen.nu\/wp\/http:\/\/alholmen.nu\/wp\/http:\/\/alholmen.nu\/wp\/wp-content\/uploads\/2017\/07\/IMG_0436.jpg?resize=300%2C107\" alt=\"\" width=\"300\" height=\"107\" srcset=\"https:\/\/i1.wp.com\/alholmen.nu\/wp\/http:\/\/alholmen.nu\/wp\/http:\/\/alholmen.nu\/wp\/wp-content\/uploads\/2017\/07\/IMG_0436.jpg?resize=300%2C107&amp;ssl=1 300w, https:\/\/i1.wp.com\/alholmen.nu\/wp\/http:\/\/alholmen.nu\/wp\/http:\/\/alholmen.nu\/wp\/wp-content\/uploads\/2017\/07\/IMG_0436.jpg?resize=1024%2C366&amp;ssl=1 1024w, https:\/\/i1.wp.com\/alholmen.nu\/wp\/http:\/\/alholmen.nu\/wp\/http:\/\/alholmen.nu\/wp\/wp-content\/uploads\/2017\/07\/IMG_0436.jpg?w=1170&amp;ssl=1 1170w\" sizes=\"(max-width: 300px) 100vw, 300px\" data-recalc-dims=\"1\" \/><\/div>\n<div>F\u00f6rt\u00e4ring kommer att finnas i form av korv med br\u00f6d och dryck. Alla som vill medverka mailar \u00f6fogden\u00a0<a style=\"background-color: #ffffff;\" href=\"mailto:jbaldefors@gmail.com\" target=\"_blank\" rel=\"noopener\">jbaldefors@gmail.com<\/a>\u00a0att ni kommer p\u00e5 extra r\u00f6jningen. Skriv vad ni vill bidra med.<\/div>\n<p>&nbsp;<\/p>\n","protected":false},"excerpt":{"rendered":"<p>F\u00f6r de som missade den ordinarie r\u00f6jdagen finns det tillf\u00e4lle att r\u00f6ja den 10:e oktober med start kl. 10.00. Vi kommer beh\u00f6va hj\u00e4lp av de som har motors\u00e5gar f\u00f6r att dela tr\u00e4d\/stockar som bl\u00e5ste ner 2018, detta omr\u00e5de \u00e4r l\u00e4ngs stigen p\u00e5 nordv\u00e4stra sidan fr\u00e5n 1:36 &#8211; 1.32. Om det \u00e4r m\u00f6jligt s\u00e5 lastar vi &hellip; <\/p>\n<p><a class=\"more-link btn\" href=\"https:\/\/alholmen.nu\/wp\/extra-rojning-10-oktober-klockan-10-00\/\">Forts\u00e4tt l\u00e4sa &raquo;<\/a><\/p>\n","protected":false},"author":7,"featured_media":0,"comment_status":"closed","ping_status":"closed","sticky":false,"template":"","format":"standard","meta":[],"categories":[7],"tags":[],"jetpack-related-posts":[],"_links":{"self":[{"href":"https:\/\/alholmen.nu\/wp\/wp-json\/wp\/v2\/posts\/1345"}],"collection":[{"href":"https:\/\/alholmen.nu\/wp\/wp-json\/wp\/v2\/posts"}],"about":[{"href":"https:\/\/alholmen.nu\/wp\/wp-json\/wp\/v2\/types\/post"}],"author":[{"embeddable":true,"href":"https:\/\/alholmen.nu\/wp\/wp-json\/wp\/v2\/users\/7"}],"replies":[{"embeddable":true,"href":"https:\/\/alholmen.nu\/wp\/wp-json\/wp\/v2\/comments?post=1345"}],"version-history":[{"count":5,"href":"https:\/\/alholmen.nu\/wp\/wp-json\/wp\/v2\/posts\/1345\/revisions"}],"predecessor-version":[{"id":1350,"href":"https:\/\/alholmen.nu\/wp\/wp-json\/wp\/v2\/posts\/1345\/revisions\/1350"}],"wp:attachment":[{"href":"https:\/\/alholmen.nu\/wp\/wp-json\/wp\/v2\/media?parent=1345"}],"wp:term":[{"taxonomy":"category","embeddable":true,"href":"https:\/\/alholmen.nu\/wp\/wp-json\/wp\/v2\/categories?post=1345"},{"taxonomy":"post_tag","embeddable":true,"href":"https:\/\/alholmen.nu\/wp\/wp-json\/wp\/v2\/tags?post=1345"}],"curies":[{"name":"wp","href":"https:\/\/api.w.org\/{rel}","templated":true}]}}